{"id":360,"date":"2025-10-25T10:43:37","date_gmt":"2025-10-25T17:43:37","guid":{"rendered":"http:\/\/solonoticiastv.com\/?p=360"},"modified":"2025-10-25T10:43:38","modified_gmt":"2025-10-25T17:43:38","slug":"capturan-en-nogales-al-chofer-responsable-del-accidente-del-autobus-tufesa","status":"publish","type":"post","link":"http:\/\/solonoticiastv.com\/?p=360","title":{"rendered":"Capturan en Nogales al chofer responsable del accidente del autob\u00fas Tufesa"},"content":{"rendered":"\n<p>Las autoridades judiciales precisaron que Francisco Javier \u201cN\u201d contaba con una orden de aprehensi\u00f3n vigente por los delitos de homicidio culposo y lesiones culposas graves.<\/p>\n\n\n\n<p>NOGALES, Sonora.- La Fiscal\u00eda General de Justicia del Estado de Sonora (FGJES) confirm\u00f3 la detenci\u00f3n de Francisco Javier \u201cN\u201d, de 51 a\u00f1os de edad, se\u00f1alado como responsable del accidente del autob\u00fas de pasajeros de la l\u00ednea TUFESA, ocurrido semanas atr\u00e1s en territorio sonorense y que dej\u00f3 varias v\u00edctimas.<\/p>\n\n\n\n<p>De acuerdo con informaci\u00f3n oficial, el conductor fue capturado la madrugada de este jueves, alrededor de las 02:30 horas, durante un operativo conjunto entre la FGJES y elementos de la Secretar\u00eda de Marina (SEMAR). La detenci\u00f3n tuvo lugar en un domicilio ubicado en la colonia Fundo Legal, en la ciudad fronteriza de Nogales, Sonora.<\/p>\n\n\n\n<p>Cargos por homicidio culposo y lesiones graves<br>Las autoridades judiciales precisaron que Francisco Javier \u201cN\u201d contaba con una orden de aprehensi\u00f3n vigente por los delitos de homicidio culposo y lesiones culposas graves, derivadas del siniestro en la que perdieron la vida siete personas y 24 resultaron heridas.<\/p>\n\n\n\n<p>La Fiscal\u00eda de Sonora inform\u00f3 que el detenido ser\u00e1 puesto a disposici\u00f3n del juez de control que lo requiere en las pr\u00f3ximas horas, donde se llevar\u00e1 a cabo la audiencia inicial para determinar su situaci\u00f3n jur\u00eddica.<\/p>\n","protected":false},"excerpt":{"rendered":"<p>Las autoridades judiciales precisaron que Francisco Javier \u201cN\u201d contaba con una orden de aprehensi\u00f3n vigente por los delitos de homicidio culposo y lesiones culposas graves. NOGALES, Sonora.- La Fiscal\u00eda General de Justicia del Estado de Sonora (FGJES) confirm\u00f3 la detenci\u00f3n de Francisco Javier \u201cN\u201d, de 51 a\u00f1os de edad, se\u00f1alado como responsable del accidente del [&hellip;]<\/p>\n","protected":false},"author":1,"featured_media":361,"comment_status":"closed","ping_status":"closed","sticky":false,"template":"","format":"standard","meta":{"footnotes":""},"categories":[33],"tags":[],"class_list":{"0":"post-360","1":"post","2":"type-post","3":"status-publish","4":"format-standard","5":"has-post-thumbnail","7":"category-policiaca"},"_links":{"self":[{"href":"http:\/\/solonoticiastv.com\/index.php?rest_route=\/wp\/v2\/posts\/360","targetHints":{"allow":["GET"]}}],"collection":[{"href":"http:\/\/solonoticiastv.com\/index.php?rest_route=\/wp\/v2\/posts"}],"about":[{"href":"http:\/\/solonoticiastv.com\/index.php?rest_route=\/wp\/v2\/types\/post"}],"author":[{"embeddable":true,"href":"http:\/\/solonoticiastv.com\/index.php?rest_route=\/wp\/v2\/users\/1"}],"replies":[{"embeddable":true,"href":"http:\/\/solonoticiastv.com\/index.php?rest_route=%2Fwp%2Fv2%2Fcomments&post=360"}],"version-history":[{"count":1,"href":"http:\/\/solonoticiastv.com\/index.php?rest_route=\/wp\/v2\/posts\/360\/revisions"}],"predecessor-version":[{"id":362,"href":"http:\/\/solonoticiastv.com\/index.php?rest_route=\/wp\/v2\/posts\/360\/revisions\/362"}],"wp:featuredmedia":[{"embeddable":true,"href":"http:\/\/solonoticiastv.com\/index.php?rest_route=\/wp\/v2\/media\/361"}],"wp:attachment":[{"href":"http:\/\/solonoticiastv.com\/index.php?rest_route=%2Fwp%2Fv2%2Fmedia&parent=360"}],"wp:term":[{"taxonomy":"category","embeddable":true,"href":"http:\/\/solonoticiastv.com\/index.php?rest_route=%2Fwp%2Fv2%2Fcategories&post=360"},{"taxonomy":"post_tag","embeddable":true,"href":"http:\/\/solonoticiastv.com\/index.php?rest_route=%2Fwp%2Fv2%2Ftags&post=360"}],"curies":[{"name":"wp","href":"https:\/\/api.w.org\/{rel}","templated":true}]}}