{"id":401,"date":"2025-10-25T11:29:10","date_gmt":"2025-10-25T18:29:10","guid":{"rendered":"http:\/\/solonoticiastv.com\/?p=401"},"modified":"2025-10-25T11:29:11","modified_gmt":"2025-10-25T18:29:11","slug":"inician-las-actividades-de-la-septima-feria-internacional-del-libro-abigael-bohorquez-en-caborca","status":"publish","type":"post","link":"http:\/\/solonoticiastv.com\/?p=401","title":{"rendered":"Inician las actividades de la S\u00e9ptima Feria Internacional del Libro \u201cAbigael Boh\u00f3rquez\u201d en Caborca."},"content":{"rendered":"\n<p>H. Caborca. \u2013 El H. Ayuntamiento de Caborca, a trav\u00e9s de la Direcci\u00f3n de Cultura, dio inicio a las actividades de la S\u00e9ptima Feria Internacional del Libro \u201cAbigael Boh\u00f3rquez\u201d con la Caravana Cultural en la costa del municipio, llevando la literatura, el arte y la creatividad.<\/p>\n\n\n\n<p>Las primeras paradas de esta caravana se realizaron en las escuelas de La Almita y Josefa Ortiz de Dom\u00ednguez, as\u00ed como en la Y Griega y el Ejido La Alameda, donde estudiantes, docentes y familias disfrutaron de presentaciones art\u00edsticas, lecturas y actividades literarias. Este mi\u00e9rcoles 22 de octubre, el recorrido contin\u00faa en los ejidos \u00c1lvaro Obreg\u00f3n y L\u00e1zaro C\u00e1rdenas, acercando la cultura a m\u00e1s rincones del municipio.<\/p>\n\n\n\n<p>El director de Cultura, Gabriel Rivera, destac\u00f3 que estas actividades forman parte de la Feria del Libro que se vivir\u00e1 del 23 al 26 de octubre en el Museo Hist\u00f3rico y Etnogr\u00e1fico de Caborca.<\/p>\n\n\n\n<p>\u201cLa Feria del Libro Abigael Boh\u00f3rquez es un espacio para celebrar las letras, el pensamiento y la creatividad; este a\u00f1o contamos con la participaci\u00f3n de Colombia como pa\u00eds invitado de honor, lo que nos permitir\u00e1 compartir con Caborca su riqueza cultural y literaria.<br>\u201cQueremos que las familias, estudiantes y amantes de la lectura se sumen a esta gran celebraci\u00f3n cultural. Tendremos presentaciones de libros, conferencias, talleres, obras de teatro, lecturas, noches de museo y un corredor gastron\u00f3mico que har\u00e1n de esta feria una experiencia inolvidable\u201d, expres\u00f3 el director.<\/p>\n\n\n\n<p>La ceremonia oficial de inauguraci\u00f3n se llevar\u00e1 a cabo el jueves 23 de octubre a las 7:00 de la tarde en el Museo, dando inicio formal al programa principal que se desarrollar\u00e1 hasta el 26 de octubre.<\/p>\n","protected":false},"excerpt":{"rendered":"<p>H. Caborca. \u2013 El H. Ayuntamiento de Caborca, a trav\u00e9s de la Direcci\u00f3n de Cultura, dio inicio a las actividades de la S\u00e9ptima Feria Internacional del Libro \u201cAbigael Boh\u00f3rquez\u201d con la Caravana Cultural en la costa del municipio, llevando la literatura, el arte y la creatividad. Las primeras paradas de esta caravana se realizaron en [&hellip;]<\/p>\n","protected":false},"author":1,"featured_media":402,"comment_status":"closed","ping_status":"closed","sticky":false,"template":"","format":"standard","meta":{"footnotes":""},"categories":[37],"tags":[],"class_list":{"0":"post-401","1":"post","2":"type-post","3":"status-publish","4":"format-standard","5":"has-post-thumbnail","7":"category-caborca"},"_links":{"self":[{"href":"http:\/\/solonoticiastv.com\/index.php?rest_route=\/wp\/v2\/posts\/401","targetHints":{"allow":["GET"]}}],"collection":[{"href":"http:\/\/solonoticiastv.com\/index.php?rest_route=\/wp\/v2\/posts"}],"about":[{"href":"http:\/\/solonoticiastv.com\/index.php?rest_route=\/wp\/v2\/types\/post"}],"author":[{"embeddable":true,"href":"http:\/\/solonoticiastv.com\/index.php?rest_route=\/wp\/v2\/users\/1"}],"replies":[{"embeddable":true,"href":"http:\/\/solonoticiastv.com\/index.php?rest_route=%2Fwp%2Fv2%2Fcomments&post=401"}],"version-history":[{"count":1,"href":"http:\/\/solonoticiastv.com\/index.php?rest_route=\/wp\/v2\/posts\/401\/revisions"}],"predecessor-version":[{"id":403,"href":"http:\/\/solonoticiastv.com\/index.php?rest_route=\/wp\/v2\/posts\/401\/revisions\/403"}],"wp:featuredmedia":[{"embeddable":true,"href":"http:\/\/solonoticiastv.com\/index.php?rest_route=\/wp\/v2\/media\/402"}],"wp:attachment":[{"href":"http:\/\/solonoticiastv.com\/index.php?rest_route=%2Fwp%2Fv2%2Fmedia&parent=401"}],"wp:term":[{"taxonomy":"category","embeddable":true,"href":"http:\/\/solonoticiastv.com\/index.php?rest_route=%2Fwp%2Fv2%2Fcategories&post=401"},{"taxonomy":"post_tag","embeddable":true,"href":"http:\/\/solonoticiastv.com\/index.php?rest_route=%2Fwp%2Fv2%2Ftags&post=401"}],"curies":[{"name":"wp","href":"https:\/\/api.w.org\/{rel}","templated":true}]}}