{"id":510,"date":"2025-09-24T13:04:07","date_gmt":"2025-09-24T20:04:07","guid":{"rendered":"http:\/\/solonoticiastv.com\/?p=510"},"modified":"2025-10-28T13:06:00","modified_gmt":"2025-10-28T20:06:00","slug":"el-congreso-de-sonora-recibe-planteamientos-de-la-comunidad-sorda","status":"publish","type":"post","link":"http:\/\/solonoticiastv.com\/?p=510","title":{"rendered":"El Congreso de Sonora recibe planteamientos de la comunidad sorda"},"content":{"rendered":"\n<p><em>Hermosillo, Sonora; 24 de septiembre de 2025.- Con el prop\u00f3sito de atender de manera directa las inquietudes de la comunidad sorda, el Congreso del Estado, a trav\u00e9s de las comisiones unidas de Atenci\u00f3n a Grupos Vulnerables de la Sociedad, y de Parlamento Abierto y Procedencia Legislativa, realiz\u00f3 un ejercicio de recepci\u00f3n de opiniones.<\/em><\/p>\n\n\n\n<p>Las diputadas Jazm\u00edn G\u00f3mez Liz\u00e1rraga (PT) y Gabriela F\u00e9lix Boj\u00f3rquez (MC) dieron la bienvenida a las y los asistentes, destacando la relevancia de este espacio para expresar necesidades, propuestas e inquietudes en torno a inclusi\u00f3n, accesibilidad y participaci\u00f3n ciudadana.<\/p>\n\n\n\n<p>Durante el encuentro, las y los participantes compartieron experiencias y planteamientos en torno a la urgencia de una remuneraci\u00f3n justa y prestaciones sociales para personas int\u00e9rpretes, as\u00ed como la disponibilidad de int\u00e9rpretes de lengua de se\u00f1as y materiales educativos accesibles.<\/p>\n\n\n\n<p>Tambi\u00e9n se abordaron temas como la igualdad de oportunidades laborales para personas sordas, el apoyo educativo a la ni\u00f1ez sorda y la profesionalizaci\u00f3n de int\u00e9rpretes en procesos legales.<\/p>\n\n\n\n<p>Al concluir, las diputadas presidentas de ambas comisiones, junto con legisladores integrantes de las mismas, refrendaron su compromiso de llevar a cabo gestiones e iniciativas que atiendan las demandas de la comunidad sorda, fortaleciendo la inclusi\u00f3n y la equidad en Sonora.<\/p>\n\n\n\n<p>En el encuentro participaron Beatriz Cota Ponce, subsecretaria de Educaci\u00f3n B\u00e1sica; la diputada Deni Gastelum Barreras (Morena), y los diputados Julio Navarro Contreras (Morena) y David Figueroa Ortega (PVEM), as\u00ed como representantes de la Asociaci\u00f3n Sonorense de Int\u00e9rpretes A.C.&nbsp;y Se\u00f1as del Desierto.<\/p>\n","protected":false},"excerpt":{"rendered":"<p>Hermosillo, Sonora; 24 de septiembre de 2025.- Con el prop\u00f3sito de atender de manera directa las inquietudes de la comunidad sorda, el Congreso del Estado, a trav\u00e9s de las comisiones unidas de Atenci\u00f3n a Grupos Vulnerables de la Sociedad, y de Parlamento Abierto y Procedencia Legislativa, realiz\u00f3 un ejercicio de recepci\u00f3n de opiniones. Las diputadas [&hellip;]<\/p>\n","protected":false},"author":2,"featured_media":511,"comment_status":"closed","ping_status":"closed","sticky":false,"template":"","format":"standard","meta":{"footnotes":""},"categories":[32],"tags":[],"class_list":{"0":"post-510","1":"post","2":"type-post","3":"status-publish","4":"format-standard","5":"has-post-thumbnail","7":"category-congreso-del-estado"},"_links":{"self":[{"href":"http:\/\/solonoticiastv.com\/index.php?rest_route=\/wp\/v2\/posts\/510","targetHints":{"allow":["GET"]}}],"collection":[{"href":"http:\/\/solonoticiastv.com\/index.php?rest_route=\/wp\/v2\/posts"}],"about":[{"href":"http:\/\/solonoticiastv.com\/index.php?rest_route=\/wp\/v2\/types\/post"}],"author":[{"embeddable":true,"href":"http:\/\/solonoticiastv.com\/index.php?rest_route=\/wp\/v2\/users\/2"}],"replies":[{"embeddable":true,"href":"http:\/\/solonoticiastv.com\/index.php?rest_route=%2Fwp%2Fv2%2Fcomments&post=510"}],"version-history":[{"count":1,"href":"http:\/\/solonoticiastv.com\/index.php?rest_route=\/wp\/v2\/posts\/510\/revisions"}],"predecessor-version":[{"id":512,"href":"http:\/\/solonoticiastv.com\/index.php?rest_route=\/wp\/v2\/posts\/510\/revisions\/512"}],"wp:featuredmedia":[{"embeddable":true,"href":"http:\/\/solonoticiastv.com\/index.php?rest_route=\/wp\/v2\/media\/511"}],"wp:attachment":[{"href":"http:\/\/solonoticiastv.com\/index.php?rest_route=%2Fwp%2Fv2%2Fmedia&parent=510"}],"wp:term":[{"taxonomy":"category","embeddable":true,"href":"http:\/\/solonoticiastv.com\/index.php?rest_route=%2Fwp%2Fv2%2Fcategories&post=510"},{"taxonomy":"post_tag","embeddable":true,"href":"http:\/\/solonoticiastv.com\/index.php?rest_route=%2Fwp%2Fv2%2Ftags&post=510"}],"curies":[{"name":"wp","href":"https:\/\/api.w.org\/{rel}","templated":true}]}}