{"id":526,"date":"2025-10-02T17:38:02","date_gmt":"2025-10-03T00:38:02","guid":{"rendered":"http:\/\/solonoticiastv.com\/?p=526"},"modified":"2025-10-29T17:43:05","modified_gmt":"2025-10-30T00:43:05","slug":"aprueban-en-comision-reforma-para-fortalecer-el-desarrollo-rural","status":"publish","type":"post","link":"http:\/\/solonoticiastv.com\/?p=526","title":{"rendered":"Aprueban en comisi\u00f3n reforma para fortalecer el desarrollo rural"},"content":{"rendered":"\n<p><em>Hermosillo, Sonora; 2 de octubre de 2025.- Por unanimidad, las y los integrantes de la Comisi\u00f3n de Fomento Agr\u00edcola y Ganadero del Congreso del Estado aprobaron la iniciativa de reforma a la Ley de Desarrollo Rural Sustentable.<\/em><\/p>\n\n\n\n<p>El diputado Jes\u00fas Tadeo Mend\u00edvil Valenzuela (Morena), proponente de la iniciativa, la someti\u00f3 a consideraci\u00f3n de las diputadas Iris S\u00e1nchez Chiu (PRI), Alicia Gayt\u00e1n S\u00e1nchez (Morena) y Ernestina Castro Valenzuela (Morena), as\u00ed como de los diputados David Figueroa Ortega (PVEM) y \u00d3scar Ortiz Arvayo (PT).<\/p>\n\n\n\n<p>Durante la reuni\u00f3n, el legislador se\u00f1al\u00f3 que la propuesta plantea la incorporaci\u00f3n de un representante del Poder Legislativo en la Comisi\u00f3n Intersecretarial para el Desarrollo Rural Sustentable, con el objetivo de asegurar la participaci\u00f3n activa del Congreso del Estado en la elaboraci\u00f3n del Plan de Desarrollo Rural y de fortalecer la atenci\u00f3n a las necesidades del sector agr\u00edcola y ganadero.<\/p>\n\n\n\n<p>El dictamen aprobado ser\u00e1 turnado a la Comisi\u00f3n de R\u00e9gimen Interno y Concertaci\u00f3n Pol\u00edtica (Cricp) para su inclusi\u00f3n en el orden del d\u00eda de una pr\u00f3xima sesi\u00f3n ordinaria.<\/p>\n","protected":false},"excerpt":{"rendered":"<p>Hermosillo, Sonora; 2 de octubre de 2025.- Por unanimidad, las y los integrantes de la Comisi\u00f3n de Fomento Agr\u00edcola y Ganadero del Congreso del Estado aprobaron la iniciativa de reforma a la Ley de Desarrollo Rural Sustentable. El diputado Jes\u00fas Tadeo Mend\u00edvil Valenzuela (Morena), proponente de la iniciativa, la someti\u00f3 a consideraci\u00f3n de las diputadas [&hellip;]<\/p>\n","protected":false},"author":2,"featured_media":527,"comment_status":"closed","ping_status":"closed","sticky":false,"template":"","format":"standard","meta":{"footnotes":""},"categories":[32],"tags":[],"class_list":{"0":"post-526","1":"post","2":"type-post","3":"status-publish","4":"format-standard","5":"has-post-thumbnail","7":"category-congreso-del-estado"},"_links":{"self":[{"href":"http:\/\/solonoticiastv.com\/index.php?rest_route=\/wp\/v2\/posts\/526","targetHints":{"allow":["GET"]}}],"collection":[{"href":"http:\/\/solonoticiastv.com\/index.php?rest_route=\/wp\/v2\/posts"}],"about":[{"href":"http:\/\/solonoticiastv.com\/index.php?rest_route=\/wp\/v2\/types\/post"}],"author":[{"embeddable":true,"href":"http:\/\/solonoticiastv.com\/index.php?rest_route=\/wp\/v2\/users\/2"}],"replies":[{"embeddable":true,"href":"http:\/\/solonoticiastv.com\/index.php?rest_route=%2Fwp%2Fv2%2Fcomments&post=526"}],"version-history":[{"count":1,"href":"http:\/\/solonoticiastv.com\/index.php?rest_route=\/wp\/v2\/posts\/526\/revisions"}],"predecessor-version":[{"id":528,"href":"http:\/\/solonoticiastv.com\/index.php?rest_route=\/wp\/v2\/posts\/526\/revisions\/528"}],"wp:featuredmedia":[{"embeddable":true,"href":"http:\/\/solonoticiastv.com\/index.php?rest_route=\/wp\/v2\/media\/527"}],"wp:attachment":[{"href":"http:\/\/solonoticiastv.com\/index.php?rest_route=%2Fwp%2Fv2%2Fmedia&parent=526"}],"wp:term":[{"taxonomy":"category","embeddable":true,"href":"http:\/\/solonoticiastv.com\/index.php?rest_route=%2Fwp%2Fv2%2Fcategories&post=526"},{"taxonomy":"post_tag","embeddable":true,"href":"http:\/\/solonoticiastv.com\/index.php?rest_route=%2Fwp%2Fv2%2Ftags&post=526"}],"curies":[{"name":"wp","href":"https:\/\/api.w.org\/{rel}","templated":true}]}}