{"id":584,"date":"2025-11-12T13:35:56","date_gmt":"2025-11-12T20:35:56","guid":{"rendered":"http:\/\/solonoticiastv.com\/?p=584"},"modified":"2025-11-13T13:37:17","modified_gmt":"2025-11-13T20:37:17","slug":"avalan-lista-de-galardonadas-para-la-presea-del-poderio-de-las-mujeres-sonorenses-2025","status":"publish","type":"post","link":"http:\/\/solonoticiastv.com\/?p=584","title":{"rendered":"Avalan lista de galardonadas para la Presea del Poder\u00edo de las Mujeres Sonorenses 2025"},"content":{"rendered":"\n<p>Hermosillo, Sonora; 12 de noviembre de 2025.- Diputadas integrantes de la Comisi\u00f3n para la Igualdad de G\u00e9nero del Congreso del Estado aprobaron por unanimidad el proyecto de dictamen que contiene la lista de mujeres galardonadas con la Presea del Poder\u00edo de las Mujeres Sonorenses 2025, reconocimiento que distingue las aportaciones de sonorenses destacadas en distintos \u00e1mbitos de la vida social, cultural y profesional.<\/p>\n\n\n\n<p>La diputada Mar\u00eda Alicia Gayt\u00e1n S\u00e1nchez (Morena), presidenta de la Comisi\u00f3n para la Igualdad de G\u00e9nero, inform\u00f3 que del 1 al 15 de octubre se recibieron 43 propuestas de mujeres sonorenses destacadas en las 12 categor\u00edas establecidas: Pol\u00edtica Sonorense; Investigaci\u00f3n Hist\u00f3rica o en Disciplinas Art\u00edsticas; Trabajo Social, Obras Asistenciales y Filantr\u00f3picas; Ciencias; Docencia; Funci\u00f3n P\u00fablica; \u00c1mbito Jur\u00eddico; Literatura; Periodismo; Salud y Deportivo.<\/p>\n\n\n\n<p>Explic\u00f3 que la categor\u00eda Empresaria Sonorense fue declarada desierta al no registrarse el n\u00famero suficiente de postulaciones.<\/p>\n\n\n\n<p>Los resultados fueron remitidos por el Comit\u00e9 Calificador, integrado por una magistrada del Supremo Tribunal de Justicia (STJ), una representante del Instituto Estatal Electoral y de Participaci\u00f3n Ciudadana (IEE Sonora), una magistrada del Tribunal Estatal Electoral (TEE Sonora), la directora de Atenci\u00f3n a las Violencias de G\u00e9nero de la Secretar\u00eda de las Mujeres y tres representantes de la sociedad civil.<\/p>\n\n\n\n<p>Durante la reuni\u00f3n, las diputadas integrantes del \u00f3rgano colegiado destacaron la importancia de visibilizar el liderazgo y las contribuciones de las mujeres en diferentes \u00e1mbitos.<\/p>\n\n\n\n<p>El dictamen aprobado ser\u00e1 remitido a la Comisi\u00f3n de R\u00e9gimen Interno y Concertaci\u00f3n Pol\u00edtica (CRICP) para su inclusi\u00f3n en el orden del d\u00eda de la pr\u00f3xima sesi\u00f3n.<\/p>\n\n\n\n<p>Estuvieron presentes las diputadas Alejandra L\u00f3pez Noriega, Marcela Valenzuela Nev\u00e1rez (Morena), Jazm\u00edn G\u00f3mez Liz\u00e1rraga (PT), Rosangela Amairany Pe\u00f1a Escalante (PES), Deni Gast\u00e9lum Barreas (Morena) y Ana Gabriela Tapia Fonllem (PRD).<\/p>\n\n\n\n<p>Compartir<a target=\"_blank\" href=\"https:\/\/www.facebook.com\/sharer.php?u=https:\/\/gestion.api.congresoson.gob.mx\/publico\/noticia\/preview?id=278c8dfb-dc92-4684-a1b8-d8fe0857e1e0\" rel=\"noreferrer noopener\"><\/a><a target=\"_blank\" href=\"https:\/\/twitter.com\/intent\/tweet?text=Avalan%20lista%20de%20galardonadas%20para%20la%20Presea%20del%20Poder%C3%ADo%20de%20las%20Mujeres%20Sonorenses%202025&amp;url=https:\/\/congresoson.gob.mx\/noticia\/?id=278c8dfb-dc92-4684-a1b8-d8fe0857e1e0&amp;via=CongresoSonora\" rel=\"noreferrer noopener\"><\/a><a target=\"_blank\" href=\"https:\/\/api.whatsapp.com\/send?text=Avalan%20lista%20de%20galardonadas%20para%20la%20Presea%20del%20Poder%C3%ADo%20de%20las%20Mujeres%20Sonorenses%202025%20https:\/\/gestion.api.congresoson.gob.mx\/publico\/noticia\/preview?id=278c8dfb-dc92-4684-a1b8-d8fe0857e1e0\" rel=\"noreferrer noopener\"><\/a><\/p>\n\n\n\n<p><a href=\"https:\/\/congresoson.gob.mx\/\"><\/a><\/p>\n","protected":false},"excerpt":{"rendered":"<p>Hermosillo, Sonora; 12 de noviembre de 2025.- Diputadas integrantes de la Comisi\u00f3n para la Igualdad de G\u00e9nero del Congreso del Estado aprobaron por unanimidad el proyecto de dictamen que contiene la lista de mujeres galardonadas con la Presea del Poder\u00edo de las Mujeres Sonorenses 2025, reconocimiento que distingue las aportaciones de sonorenses destacadas en distintos [&hellip;]<\/p>\n","protected":false},"author":2,"featured_media":585,"comment_status":"closed","ping_status":"closed","sticky":false,"template":"","format":"standard","meta":{"footnotes":""},"categories":[32],"tags":[],"class_list":{"0":"post-584","1":"post","2":"type-post","3":"status-publish","4":"format-standard","5":"has-post-thumbnail","7":"category-congreso-del-estado"},"_links":{"self":[{"href":"http:\/\/solonoticiastv.com\/index.php?rest_route=\/wp\/v2\/posts\/584","targetHints":{"allow":["GET"]}}],"collection":[{"href":"http:\/\/solonoticiastv.com\/index.php?rest_route=\/wp\/v2\/posts"}],"about":[{"href":"http:\/\/solonoticiastv.com\/index.php?rest_route=\/wp\/v2\/types\/post"}],"author":[{"embeddable":true,"href":"http:\/\/solonoticiastv.com\/index.php?rest_route=\/wp\/v2\/users\/2"}],"replies":[{"embeddable":true,"href":"http:\/\/solonoticiastv.com\/index.php?rest_route=%2Fwp%2Fv2%2Fcomments&post=584"}],"version-history":[{"count":1,"href":"http:\/\/solonoticiastv.com\/index.php?rest_route=\/wp\/v2\/posts\/584\/revisions"}],"predecessor-version":[{"id":586,"href":"http:\/\/solonoticiastv.com\/index.php?rest_route=\/wp\/v2\/posts\/584\/revisions\/586"}],"wp:featuredmedia":[{"embeddable":true,"href":"http:\/\/solonoticiastv.com\/index.php?rest_route=\/wp\/v2\/media\/585"}],"wp:attachment":[{"href":"http:\/\/solonoticiastv.com\/index.php?rest_route=%2Fwp%2Fv2%2Fmedia&parent=584"}],"wp:term":[{"taxonomy":"category","embeddable":true,"href":"http:\/\/solonoticiastv.com\/index.php?rest_route=%2Fwp%2Fv2%2Fcategories&post=584"},{"taxonomy":"post_tag","embeddable":true,"href":"http:\/\/solonoticiastv.com\/index.php?rest_route=%2Fwp%2Fv2%2Ftags&post=584"}],"curies":[{"name":"wp","href":"https:\/\/api.w.org\/{rel}","templated":true}]}}