{"id":594,"date":"2025-11-18T17:10:22","date_gmt":"2025-11-19T00:10:22","guid":{"rendered":"http:\/\/solonoticiastv.com\/?p=594"},"modified":"2025-11-25T17:13:35","modified_gmt":"2025-11-26T00:13:35","slug":"dictamina-comision-de-justicia-reforma-para-incrementar-sanciones-en-casos-de-violencia-a-grupos-vulnerables","status":"publish","type":"post","link":"http:\/\/solonoticiastv.com\/?p=594","title":{"rendered":"Dictamina Comisi\u00f3n de Justicia reforma para incrementar sanciones en casos de violencia a grupos vulnerables"},"content":{"rendered":"\n<p>Hermosillo, Sonora; 18 de noviembre de 2025.- La Comisi\u00f3n de Justicia y Derechos Humanos del Congreso del Estado dictamin\u00f3 la iniciativa de reforma al art\u00edculo 234-A del C\u00f3digo Penal que busca aumentar las penas para quienes ejerzan violencia contra mujeres embarazadas y personas con discapacidad.<\/p>\n\n\n\n<p>El diputado Ren\u00e9 Edmundo Garc\u00eda Rojo (PT) someti\u00f3 a votaci\u00f3n la propuesta presentada por la diputada Marcela Valenzuela Nev\u00e1rez (Morena), la cual tiene como objetivo sancionar de manera m\u00e1s severa a quienes cometan violencia familiar contra mujeres embarazadas y personas con discapacidad, al tratarse de grupos vulnerables que actualmente quedan fuera de las agravantes previstas en el C\u00f3digo Penal.<\/p>\n\n\n\n<p>Inform\u00f3 que para enriquecer esta iniciativa se realizaron ejercicios de parlamento abierto, as\u00ed como foros con la participaci\u00f3n de abogados, especialistas, estudiantes y ciudadan\u00eda en general.<\/p>\n\n\n\n<p>La reforma est\u00e1 alineada con la Agenda 2030 para el Desarrollo Sostenible, particularmente con el Objetivo 16, que promueve la paz, la justicia y la reducci\u00f3n de todas las formas de violencia.<\/p>\n\n\n\n<p>En la reuni\u00f3n estuvieron presentes las diputadas Claudia Zulema Bours Corral (PVEM), Ros\u00e1ngela Amairany Pe\u00f1a Escalante (PES), as\u00ed como el diputado Emeterio Ochoa Baz\u00faa (PRI).<\/p>\n","protected":false},"excerpt":{"rendered":"<p>Hermosillo, Sonora; 18 de noviembre de 2025.- La Comisi\u00f3n de Justicia y Derechos Humanos del Congreso del Estado dictamin\u00f3 la iniciativa de reforma al art\u00edculo 234-A del C\u00f3digo Penal que busca aumentar las penas para quienes ejerzan violencia contra mujeres embarazadas y personas con discapacidad. El diputado Ren\u00e9 Edmundo Garc\u00eda Rojo (PT) someti\u00f3 a votaci\u00f3n [&hellip;]<\/p>\n","protected":false},"author":2,"featured_media":595,"comment_status":"closed","ping_status":"closed","sticky":false,"template":"","format":"standard","meta":{"footnotes":""},"categories":[32],"tags":[],"class_list":{"0":"post-594","1":"post","2":"type-post","3":"status-publish","4":"format-standard","5":"has-post-thumbnail","7":"category-congreso-del-estado"},"_links":{"self":[{"href":"http:\/\/solonoticiastv.com\/index.php?rest_route=\/wp\/v2\/posts\/594","targetHints":{"allow":["GET"]}}],"collection":[{"href":"http:\/\/solonoticiastv.com\/index.php?rest_route=\/wp\/v2\/posts"}],"about":[{"href":"http:\/\/solonoticiastv.com\/index.php?rest_route=\/wp\/v2\/types\/post"}],"author":[{"embeddable":true,"href":"http:\/\/solonoticiastv.com\/index.php?rest_route=\/wp\/v2\/users\/2"}],"replies":[{"embeddable":true,"href":"http:\/\/solonoticiastv.com\/index.php?rest_route=%2Fwp%2Fv2%2Fcomments&post=594"}],"version-history":[{"count":1,"href":"http:\/\/solonoticiastv.com\/index.php?rest_route=\/wp\/v2\/posts\/594\/revisions"}],"predecessor-version":[{"id":596,"href":"http:\/\/solonoticiastv.com\/index.php?rest_route=\/wp\/v2\/posts\/594\/revisions\/596"}],"wp:featuredmedia":[{"embeddable":true,"href":"http:\/\/solonoticiastv.com\/index.php?rest_route=\/wp\/v2\/media\/595"}],"wp:attachment":[{"href":"http:\/\/solonoticiastv.com\/index.php?rest_route=%2Fwp%2Fv2%2Fmedia&parent=594"}],"wp:term":[{"taxonomy":"category","embeddable":true,"href":"http:\/\/solonoticiastv.com\/index.php?rest_route=%2Fwp%2Fv2%2Fcategories&post=594"},{"taxonomy":"post_tag","embeddable":true,"href":"http:\/\/solonoticiastv.com\/index.php?rest_route=%2Fwp%2Fv2%2Ftags&post=594"}],"curies":[{"name":"wp","href":"https:\/\/api.w.org\/{rel}","templated":true}]}}