{"id":602,"date":"2025-11-21T17:43:32","date_gmt":"2025-11-22T00:43:32","guid":{"rendered":"http:\/\/solonoticiastv.com\/?p=602"},"modified":"2025-11-25T17:44:33","modified_gmt":"2025-11-26T00:44:33","slug":"avanza-congreso-de-sonora-hacia-una-democracia-mas-inclusiva","status":"publish","type":"post","link":"http:\/\/solonoticiastv.com\/?p=602","title":{"rendered":"Avanza Congreso de Sonora hacia una democracia m\u00e1s inclusiva"},"content":{"rendered":"\n<p>Cajeme, Sonora; 21 de noviembre de 2025.- Con el prop\u00f3sito de continuar recopilando opiniones y propuestas en torno a la iniciativa que busca garantizar el ejercicio pleno de los derechos pol\u00edtico-electorales de las personas con discapacidad, el Congreso del Estado celebr\u00f3 el segundo foro de consulta en Ciudad Obreg\u00f3n.<\/p>\n\n\n\n<p>En el encuentro, los diputados Mar\u00eda Eduwiges Espinoza Tapia y Julio C\u00e9sar Navarro Contreras, ambos de Morena, acompa\u00f1ados por la diputada Jazm\u00edn G\u00f3mez Liz\u00e1rraga (PT), presidenta de la Comisi\u00f3n de Atenci\u00f3n a Grupos Vulnerables de la Sociedad, destacaron que esta iniciativa tiene como objetivo asegurar que las personas con discapacidad participen activamente en la organizaci\u00f3n de los procesos electorales, emitan su voto de manera libre y efectiva, y puedan ser postuladas para integrar cargos de elecci\u00f3n popular en condiciones de igualdad y sin barreras.<\/p>\n\n\n\n<p>En compa\u00f1\u00eda del alcalde de Cajeme, Javier Lamarque Cano, explicaron que la propuesta contempla reformas tanto a la Constituci\u00f3n local como a la ley electoral del estado, con el fin de que los partidos pol\u00edticos est\u00e9n obligados a postular, de manera real y efectiva, f\u00f3rmulas o planillas integradas por personas con discapacidad. Con ello, se busca abrir espacios para su participaci\u00f3n en procesos electorales municipales y en la integraci\u00f3n del Congreso del Estado, promoviendo una mayor representaci\u00f3n en la toma de decisiones p\u00fablicas.<\/p>\n\n\n\n<p>Representantes de organizaciones civiles, fundaciones y ciudadan\u00eda en general agradecieron ser tomados en cuenta y propusieron establecer que las personas candidatas deban contar con una antig\u00fcedad m\u00ednima dentro de una organizaci\u00f3n para poder postularse. Tambi\u00e9n plantearon la necesidad de capacitar al personal de las casillas electorales para brindar atenci\u00f3n adecuada a las personas con discapacidad, as\u00ed como realizar las adecuaciones necesarias en edificios p\u00fablicos para garantizar su accesibilidad.<\/p>\n\n\n\n<p>Durante este ejercicio de consulta tambi\u00e9n asistieron Gilberto Valdivia Merino, regidor del Ayuntamiento de Cajeme; las diputadas Deni Gast\u00e9lum Barreras (Morena) y Ernestina Castro Valenzuela (Morena); as\u00ed como los diputados Emeterio Ochoa Baz\u00faa (PRI) y H\u00e9ctor Castelo Monta\u00f1o (Morena).<\/p>\n","protected":false},"excerpt":{"rendered":"<p>Cajeme, Sonora; 21 de noviembre de 2025.- Con el prop\u00f3sito de continuar recopilando opiniones y propuestas en torno a la iniciativa que busca garantizar el ejercicio pleno de los derechos pol\u00edtico-electorales de las personas con discapacidad, el Congreso del Estado celebr\u00f3 el segundo foro de consulta en Ciudad Obreg\u00f3n. En el encuentro, los diputados Mar\u00eda [&hellip;]<\/p>\n","protected":false},"author":2,"featured_media":601,"comment_status":"closed","ping_status":"closed","sticky":false,"template":"","format":"standard","meta":{"footnotes":""},"categories":[32],"tags":[],"class_list":{"0":"post-602","1":"post","2":"type-post","3":"status-publish","4":"format-standard","5":"has-post-thumbnail","7":"category-congreso-del-estado"},"_links":{"self":[{"href":"http:\/\/solonoticiastv.com\/index.php?rest_route=\/wp\/v2\/posts\/602","targetHints":{"allow":["GET"]}}],"collection":[{"href":"http:\/\/solonoticiastv.com\/index.php?rest_route=\/wp\/v2\/posts"}],"about":[{"href":"http:\/\/solonoticiastv.com\/index.php?rest_route=\/wp\/v2\/types\/post"}],"author":[{"embeddable":true,"href":"http:\/\/solonoticiastv.com\/index.php?rest_route=\/wp\/v2\/users\/2"}],"replies":[{"embeddable":true,"href":"http:\/\/solonoticiastv.com\/index.php?rest_route=%2Fwp%2Fv2%2Fcomments&post=602"}],"version-history":[{"count":1,"href":"http:\/\/solonoticiastv.com\/index.php?rest_route=\/wp\/v2\/posts\/602\/revisions"}],"predecessor-version":[{"id":603,"href":"http:\/\/solonoticiastv.com\/index.php?rest_route=\/wp\/v2\/posts\/602\/revisions\/603"}],"wp:featuredmedia":[{"embeddable":true,"href":"http:\/\/solonoticiastv.com\/index.php?rest_route=\/wp\/v2\/media\/601"}],"wp:attachment":[{"href":"http:\/\/solonoticiastv.com\/index.php?rest_route=%2Fwp%2Fv2%2Fmedia&parent=602"}],"wp:term":[{"taxonomy":"category","embeddable":true,"href":"http:\/\/solonoticiastv.com\/index.php?rest_route=%2Fwp%2Fv2%2Fcategories&post=602"},{"taxonomy":"post_tag","embeddable":true,"href":"http:\/\/solonoticiastv.com\/index.php?rest_route=%2Fwp%2Fv2%2Ftags&post=602"}],"curies":[{"name":"wp","href":"https:\/\/api.w.org\/{rel}","templated":true}]}}